{"id":9314,"date":"2013-05-27T09:42:46","date_gmt":"2013-05-27T08:42:46","guid":{"rendered":"https:\/\/www.digitaldocument.it\/?p=9314"},"modified":"2013-05-27T09:42:46","modified_gmt":"2013-05-27T08:42:46","slug":"christoph-gamper-e-il-nuovo-ad-di-durst-phototechnik-s-p-a","status":"publish","type":"post","link":"https:\/\/www.digitaldocument.it\/index.php\/2013\/05\/27\/christoph-gamper-e-il-nuovo-ad-di-durst-phototechnik-s-p-a\/","title":{"rendered":"Christoph Gamper \u00e8 il nuovo AD di Durst Phototechnik S.p.A"},"content":{"rendered":"<p><b>Christoph Gamper <\/b>\u00e8 il nuovo amministratore delegato di <b>Durst Phototechnik S.p.A.<\/b> e delle sue controllate. Il conferimento ufficiale del nuovo incarico \u00e8 avvenuto il 2 maggio 2013, in concomitanza con l&#8217;inizio del nuovo anno fiscale della multinazionale con headquarter e sito produttivo a Bressanone. Christoph Gamper succede a Richard Piock, alla guida di Durst Phototechnik S.p.A per oltre vent\u2019anni durante i quali ha svolto un ruolo determinante nell\u2019evoluzione del business fino al conseguimento della leadership mondiale nelle tecnologie inkjet industriali. Richard Piock proseguir\u00e0 l\u2019attivit\u00e0 in Durst con il ruolo di Presidente e membro del consiglio di amministrazione. Il cambiamento di generazione ai vertici di Durst \u00e8 stato pianificato in anticipo. Gi\u00e0 amministratore delegato designato da luglio 2011 e vice presidente esecutivo, Gamper \u00e8 stato responsabile dei segmenti industriali di Durst e dell&#8217;organizzazione e lo sviluppo della nuova divisione tessile.<\/p>\n<p>\u00ab<i>Siamo molto lieti di aver trovato un degno successore per le straordinarie conquiste conseguite negli anni da Durst sotto la guida del Dott. Richard Piock<\/i>\u00bb, commenta <b>Christof Oberrauch, <\/b>rappresentante della famiglia proprietaria e Presidente uscente del consiglio di amministrazione di Durst \u00ab<i>In questi ultimi anni il Dott. Piock \u00e8 stato timoniere della transizione di Durst, portando l\u2019azienda ad essere produttore leader a <\/i><i>livello mondiale di applicazioni inkjet industriali. Ora affidiamo a Christoph Gamper il compito di proseguire questo percorso di sviluppo, con l\u2019obiettivo di accedere a nuovi mercati e far progredire la nostra internazionalizzazione. In sintonia con il motto \u2018pensare globalmente, agire localmente\u2019, siamo molto lieti che questo prestigioso incarico venga conferito proprio a Christoph Gamper, altoatesino come Durst. Un manager che ha gi\u00e0 maturato esperienze internazionali, gestendo con successo aziende attive a livello globale e dimostrando di possedere forti doti di leadership<\/i>.\u00bb<\/p>\n<p>Nato in Alto Adige nel 1970, Christoph Gamper \u00e8 stato amministratore delegato europeo e poi vice presidente della societ\u00e0 di colorimetria Datacolor AG quotata in borsa. A Zurigo e New York \u00e8 stato responsabile dello sviluppo di attivit\u00e0 commerciali europee della societ\u00e0 e pi\u00f9 tardi dell&#8217;espansione globale della divisione. La sua esperienza professionale annovera posizioni manageriali presso KDG AG (produzione e vendita di supporti dati ottici) e Koch Media, la principale societ\u00e0 di produzione e di distribuzione di media. Prima del suo trasferimento a Zurigo e New York, Christoph Gamper ha iniziato la sua carriera presso l\u2019altoatesina Athesia S.p.A.<\/p>\n<p>\u00ab<i>Sono molto felice di ricevere la possibilit\u00e0 di arricchire la mia esperienza internazionale qui presso Durst con l\u2019ambizioso obiettivo di sviluppare l\u2019adattamento di tecnologie high-end in nuovi settori merceologici<\/i>\u00bb, afferma <b>Christoph Gamper<\/b>. \u00ab<i>Durst si \u00e8 sempre distinta per il know-how tecnologico e la spinta innovativa. E questi saranno gli asset su cui punteremo per la nostra espansione nei mercati internazionali. La nostra mission \u00e8 creare innovazioni tecnologiche che permettano di offrire valore aggiunto e vantaggio competitivo ai nostri clienti globali. L&#8217;Alto Adige e la tecnologia high-end sono le nostre origini, l&#8217;internazionalizzazione \u00e8 il nostro futuro.<\/i>\u00bb<\/p>\n","protected":false},"excerpt":{"rendered":"<p>Christoph Gamper \u00e8 il nuovo amministratore delegato di Durst Phototechnik S.p.A. e delle sue controllate. Il conferimento ufficiale del nuovo incarico \u00e8 avvenuto il 2 maggio 2013, in concomitanza con&hellip; <span class=\"read-more-span\"><a href=\"https:\/\/www.digitaldocument.it\/index.php\/2013\/05\/27\/christoph-gamper-e-il-nuovo-ad-di-durst-phototechnik-s-p-a\/\" class=\"more-link\">Continua a leggere<span class=\"screen-reader-text\"> &#8220;Christoph Gamper \u00e8 il nuovo AD di Durst Phototechnik S.p.A&#8221;<\/span> <span class=\"genericon genericon-next\" aria-hidden=\"true\"><\/span><\/a><\/span><\/p>\n","protected":false},"author":9,"featured_media":9315,"comment_status":"open","ping_status":"closed","sticky":false,"template":"","format":"standard","meta":{"footnotes":""},"categories":[9],"tags":[75,2656,136],"class_list":["post-9314","post","type-post","status-publish","format-standard","has-post-thumbnail","hentry","category-printing","tag-carriere","tag-durst-christoph-gamper","tag-stampa-digitale"],"jetpack_featured_media_url":"https:\/\/www.digitaldocument.it\/wp-content\/uploads\/2013\/05\/gamper-ad-durst.jpg","_links":{"self":[{"href":"https:\/\/www.digitaldocument.it\/index.php\/wp-json\/wp\/v2\/posts\/9314","targetHints":{"allow":["GET"]}}],"collection":[{"href":"https:\/\/www.digitaldocument.it\/index.php\/wp-json\/wp\/v2\/posts"}],"about":[{"href":"https:\/\/www.digitaldocument.it\/index.php\/wp-json\/wp\/v2\/types\/post"}],"author":[{"embeddable":true,"href":"https:\/\/www.digitaldocument.it\/index.php\/wp-json\/wp\/v2\/users\/9"}],"replies":[{"embeddable":true,"href":"https:\/\/www.digitaldocument.it\/index.php\/wp-json\/wp\/v2\/comments?post=9314"}],"version-history":[{"count":0,"href":"https:\/\/www.digitaldocument.it\/index.php\/wp-json\/wp\/v2\/posts\/9314\/revisions"}],"wp:featuredmedia":[{"embeddable":true,"href":"https:\/\/www.digitaldocument.it\/index.php\/wp-json\/wp\/v2\/media\/9315"}],"wp:attachment":[{"href":"https:\/\/www.digitaldocument.it\/index.php\/wp-json\/wp\/v2\/media?parent=9314"}],"wp:term":[{"taxonomy":"category","embeddable":true,"href":"https:\/\/www.digitaldocument.it\/index.php\/wp-json\/wp\/v2\/categories?post=9314"},{"taxonomy":"post_tag","embeddable":true,"href":"https:\/\/www.digitaldocument.it\/index.php\/wp-json\/wp\/v2\/tags?post=9314"}],"curies":[{"name":"wp","href":"https:\/\/api.w.org\/{rel}","templated":true}]}}