{"id":1659,"date":"2012-02-06T13:04:03","date_gmt":"2012-02-06T12:04:03","guid":{"rendered":"https:\/\/www.digitaldocument.it\/?p=1659"},"modified":"2012-02-07T11:45:49","modified_gmt":"2012-02-07T10:45:49","slug":"tnt-post-italia-rafforza-la-squadra-di-vertice","status":"publish","type":"post","link":"https:\/\/www.digitaldocument.it\/index.php\/2012\/02\/06\/tnt-post-italia-rafforza-la-squadra-di-vertice\/","title":{"rendered":"Tnt Post Italia accresce la forza della squadra di vertice"},"content":{"rendered":"<p>Emilio Vandelli \u00e8 stato nominato Strategy and Business Development Director di Tnt Post.<\/p>\n<p>Vandelli, 41 anni, vanta una ricca esperienza negli ambiti del Marketing Strategico e del Business Development nei settori delle utilities e dei servizi postali. Dal 2006 al 2011, ha ricoperto il ruolo di Responsabile Sviluppo Mercati in Pitney Bowes, societ\u00e0 americana leader mondiale nel settore delle soluzioni integrate per la gestione di posta e documenti, per una clientela rappresentata da operatori postali pubblici e privati.<\/p>\n<p>Emilio Vandelli ha conseguito una Laurea in ingegneria ambientale presso il Politecnico di Milano e un MBA presso la SDA Bocconi. Ha iniziato il suo percorso professionale nel 1997 come Strategy and Organization Senior Consultant presso la societ\u00e0 di consulenza Solving International. Nel 2000, \u00e8 entrato in Accenture in qualit\u00e0 di Responsabile Progetti di Strategia per conto dei principali gruppi del settore utilities.<\/p>\n<p>Dal 2003 al 2006, \u00e8 stato in Elsag, societ\u00e0 del Gruppo Finmeccanica operante nel settore dell\u2019elettronica e dell\u2019automazione di processi, dove ha ricoperto ruoli di crescente responsabilit\u00e0 fino a diventare Direttore Commerciale della Divisione ICT-Outsourcing.<\/p>\n","protected":false},"excerpt":{"rendered":"<p>Emilio Vandelli \u00e8 stato nominato Strategy and Business Development Director di Tnt Post. Vandelli, 41 anni, vanta una ricca esperienza negli ambiti del Marketing Strategico e del Business Development nei&hellip; <span class=\"read-more-span\"><a href=\"https:\/\/www.digitaldocument.it\/index.php\/2012\/02\/06\/tnt-post-italia-rafforza-la-squadra-di-vertice\/\" class=\"more-link\">Continua a leggere<span class=\"screen-reader-text\"> &#8220;Tnt Post Italia accresce la forza della squadra di vertice&#8221;<\/span> <span class=\"genericon genericon-next\" aria-hidden=\"true\"><\/span><\/a><\/span><\/p>\n","protected":false},"author":9,"featured_media":1660,"comment_status":"open","ping_status":"closed","sticky":false,"template":"","format":"standard","meta":{"footnotes":""},"categories":[8],"tags":[75,866,396],"class_list":["post-1659","post","type-post","status-publish","format-standard","has-post-thumbnail","hentry","category-postal-mail","tag-carriere","tag-emilio-vandelli","tag-tnt-post"],"jetpack_featured_media_url":"https:\/\/www.digitaldocument.it\/wp-content\/uploads\/2012\/02\/emilio-vandelli-tnt-post1.jpg","_links":{"self":[{"href":"https:\/\/www.digitaldocument.it\/index.php\/wp-json\/wp\/v2\/posts\/1659","targetHints":{"allow":["GET"]}}],"collection":[{"href":"https:\/\/www.digitaldocument.it\/index.php\/wp-json\/wp\/v2\/posts"}],"about":[{"href":"https:\/\/www.digitaldocument.it\/index.php\/wp-json\/wp\/v2\/types\/post"}],"author":[{"embeddable":true,"href":"https:\/\/www.digitaldocument.it\/index.php\/wp-json\/wp\/v2\/users\/9"}],"replies":[{"embeddable":true,"href":"https:\/\/www.digitaldocument.it\/index.php\/wp-json\/wp\/v2\/comments?post=1659"}],"version-history":[{"count":0,"href":"https:\/\/www.digitaldocument.it\/index.php\/wp-json\/wp\/v2\/posts\/1659\/revisions"}],"wp:featuredmedia":[{"embeddable":true,"href":"https:\/\/www.digitaldocument.it\/index.php\/wp-json\/wp\/v2\/media\/1660"}],"wp:attachment":[{"href":"https:\/\/www.digitaldocument.it\/index.php\/wp-json\/wp\/v2\/media?parent=1659"}],"wp:term":[{"taxonomy":"category","embeddable":true,"href":"https:\/\/www.digitaldocument.it\/index.php\/wp-json\/wp\/v2\/categories?post=1659"},{"taxonomy":"post_tag","embeddable":true,"href":"https:\/\/www.digitaldocument.it\/index.php\/wp-json\/wp\/v2\/tags?post=1659"}],"curies":[{"name":"wp","href":"https:\/\/api.w.org\/{rel}","templated":true}]}}