{"id":16084,"date":"2014-09-14T10:21:54","date_gmt":"2014-09-14T09:21:54","guid":{"rendered":"https:\/\/www.digitaldocument.it\/?p=16084"},"modified":"2014-09-22T10:25:17","modified_gmt":"2014-09-22T09:25:17","slug":"roland-e-la-stampa-3d-ne-parliamo-con-vittorio-neri","status":"publish","type":"post","link":"https:\/\/www.digitaldocument.it\/index.php\/2014\/09\/14\/roland-e-la-stampa-3d-ne-parliamo-con-vittorio-neri\/","title":{"rendered":"Roland e la stampa 3D, ne parliamo con Vittorio Neri"},"content":{"rendered":"<p><a href=\"https:\/\/www.digitaldocument.it\/wp-content\/uploads\/2014\/09\/vittorio-neri-roland.jpg\"><img loading=\"lazy\" decoding=\"async\" class=\"alignleft wp-image-16086 size-full\" src=\"https:\/\/www.digitaldocument.it\/wp-content\/uploads\/2014\/09\/vittorio-neri-roland.jpg\" alt=\"vittorio neri roland\" width=\"151\" height=\"151\" srcset=\"https:\/\/www.digitaldocument.it\/wp-content\/uploads\/2014\/09\/vittorio-neri-roland.jpg 151w, https:\/\/www.digitaldocument.it\/wp-content\/uploads\/2014\/09\/vittorio-neri-roland-150x150.jpg 150w, https:\/\/www.digitaldocument.it\/wp-content\/uploads\/2014\/09\/vittorio-neri-roland-55x55.jpg 55w, https:\/\/www.digitaldocument.it\/wp-content\/uploads\/2014\/09\/vittorio-neri-roland-75x75.jpg 75w\" sizes=\"auto, (max-width: 151px) 100vw, 151px\" \/><\/a>Un paio di settimane fa abbiamo dato notizia del <a href=\"https:\/\/www.digitaldocument.it\/index.php\/2014\/09\/09\/stampa-3d-roland-scende-in-campo-con-due-modelli\/\">lancio da parte di <strong>Roland<\/strong> di due stampanti 3D<\/a>, sottolineando con le parole del management internazionale come questa mossa fosse l&#8217;ingresso ufficiale dell&#8217;azienda nel mondo della stampa 3D. Proprio per questa scelta abbiamo voluto approfondire l&#8217;argomento andando a parlare col management italiano, nello specifico con <strong>Vittorio Neri<\/strong>, Marketing Manager di Roland DG Mid Europe.<\/p>\n<p><strong>Roland possiede un\u2019esperienza pi\u00f9 che ventennale nell\u2019ambito della modellazione tridimensionale, ma \u00e8 con questo lancio che entra ufficialmente nel mondo della stampa 3D. Qual \u00e8 la vostra vision sul presente e il futuro di questa tecnologia e sulle sue possibili applicazioni?<\/strong><\/p>\n<p>In questi ultimi tempi i mass media stanno dando moltissimo risalto alle stampanti 3D, e queste, stanno catturando sempre pi\u00f9 l\u2019attenzione delle persone. Con la diffusione di internet, dei social network, l\u2019utilizzo degli smartphone e dei tablet, l\u2019aumento dei Fab Lab e dei service online per la stampa 3D, sempre pi\u00f9 persone utilizzano le tecnologie digitali per trasformare in realt\u00e0 sogni e progetti, condividendo i risultati con le community online. Secondo noi, questo trend continuer\u00e0 a crescere e tutti saranno messi nelle condizioni di realizzare autonomamente quello di cui avranno bisogno, direttamente dalla propria scrivania. Una nuova rivoluzione industriale legata al concetto di personal fabrication e all\u2019estrema personalizzazione. Da sempre noi di Roland cerchiamo di diffondere questa nuova cultura dando alle persone strumenti in grado di trasformare le idee in realt\u00e0 e continueremo a farlo anche in futuro.<\/p>\n<p><strong>\u00a0A chi vi rivolgete con queste macchine e di quali possibili mercati dischiudono le porte?<\/strong><\/p>\n<p>La serie monoFab \u00e8 composta dalla nuova stampante 3D <strong>ARM-10<\/strong> e dal nuovo modellatore tridimensionale <strong>SRM-20<\/strong>. Queste due periferiche utilizzano tecnologie diverse e in questo modo, le persone possono utilizzare la soluzione pi\u00f9 adatta al tipo di risultato richiesto. La nuova serie \u00e8 stata progettata per rispondere al meglio alle diverse esigenze di designer, makers, architetti, progettisti e altri creativi, senza dimenticare poi il carattere educativo dei nostri prodotti, che li rende ideali per essere impiegati in progetti didattici e formativi.<\/p>\n<p><strong>\u00a0ARM-10 \u00e8 una soluzione desktop. Prevedete di giocare il vostro ruolo da protagonisti focalizzandovi su questo genere di soluzioni oppure avete gi\u00e0 in programma di puntare anche ad altri segmenti?<\/strong><\/p>\n<p>Tutte le nostre periferiche da desktop sono progettate secondo tre caratteristiche fondamentali: le dimensioni compatte, la facilit\u00e0 d\u2019uso e il prezzo contenuto. Fin dal primo modellatore 3D realizzato nel 1986, abbiamo cercato di fornire alle persone tutti gli strumenti necessari a dare forma ai sogni e all\u2019immaginazione. Quello che riteniamo vincente per i nostri utilizzatori \u00e8 che Roland non si pone solo come un marchio verticalizzato su una specifica tecnologia ma le propone e le mette insieme dando la possibilit\u00e0 a tutti di approcciare applicazioni, idee e soluzioni utili a completare il ciclo creativo e produttivo. Un marchio che \u00e8 un vero e proprio partner tecnologico. Un designer potr\u00e0 non solo avere la tecnologia di stampa 3D e di modellazione, ma valutare anche la stampa digitale, possibile su tantissimi tipi di materiale, dalla carta alla pelle, l\u2019incisione tridimensionale, il taglio di ogni tipo di pellicole per la copertura di tantissimi tipi di superficie, espandendo al massimo l\u2019idea. Questo \u00e8 solo un piccolo esempio. Senza dimenticare che tutto questo con periferiche pilotabili dalla propria scrivania. Un approccio che ci porta a lavorare su tantissimi segmenti di mercato e coprire le esigenze di ogni tipo di utilizzatore.<\/p>\n<p>&nbsp;<\/p>\n<p>&nbsp;<\/p>\n<p>&nbsp;<\/p>\n<p>&nbsp;<\/p>\n<p>&nbsp;<\/p>\n<p>&nbsp;<\/p>\n","protected":false},"excerpt":{"rendered":"<p>Un paio di settimane fa abbiamo dato notizia del lancio da parte di Roland di due stampanti 3D, sottolineando con le parole del management internazionale come questa mossa fosse l&#8217;ingresso&hellip; <span class=\"read-more-span\"><a href=\"https:\/\/www.digitaldocument.it\/index.php\/2014\/09\/14\/roland-e-la-stampa-3d-ne-parliamo-con-vittorio-neri\/\" class=\"more-link\">Continua a leggere<span class=\"screen-reader-text\"> &#8220;Roland e la stampa 3D, ne parliamo con Vittorio Neri&#8221;<\/span> <span class=\"genericon genericon-next\" aria-hidden=\"true\"><\/span><\/a><\/span><\/p>\n","protected":false},"author":9,"featured_media":16085,"comment_status":"open","ping_status":"closed","sticky":false,"template":"","format":"standard","meta":{"footnotes":""},"categories":[9],"tags":[4045,87,156,2119,1792],"class_list":["post-16084","post","type-post","status-publish","format-standard","has-post-thumbnail","hentry","category-printing","tag-monofab","tag-opinione","tag-roland","tag-stampa-3d","tag-vittorio-neri"],"jetpack_featured_media_url":"https:\/\/www.digitaldocument.it\/wp-content\/uploads\/2014\/09\/ARM-10_front_re.jpg","_links":{"self":[{"href":"https:\/\/www.digitaldocument.it\/index.php\/wp-json\/wp\/v2\/posts\/16084","targetHints":{"allow":["GET"]}}],"collection":[{"href":"https:\/\/www.digitaldocument.it\/index.php\/wp-json\/wp\/v2\/posts"}],"about":[{"href":"https:\/\/www.digitaldocument.it\/index.php\/wp-json\/wp\/v2\/types\/post"}],"author":[{"embeddable":true,"href":"https:\/\/www.digitaldocument.it\/index.php\/wp-json\/wp\/v2\/users\/9"}],"replies":[{"embeddable":true,"href":"https:\/\/www.digitaldocument.it\/index.php\/wp-json\/wp\/v2\/comments?post=16084"}],"version-history":[{"count":0,"href":"https:\/\/www.digitaldocument.it\/index.php\/wp-json\/wp\/v2\/posts\/16084\/revisions"}],"wp:featuredmedia":[{"embeddable":true,"href":"https:\/\/www.digitaldocument.it\/index.php\/wp-json\/wp\/v2\/media\/16085"}],"wp:attachment":[{"href":"https:\/\/www.digitaldocument.it\/index.php\/wp-json\/wp\/v2\/media?parent=16084"}],"wp:term":[{"taxonomy":"category","embeddable":true,"href":"https:\/\/www.digitaldocument.it\/index.php\/wp-json\/wp\/v2\/categories?post=16084"},{"taxonomy":"post_tag","embeddable":true,"href":"https:\/\/www.digitaldocument.it\/index.php\/wp-json\/wp\/v2\/tags?post=16084"}],"curies":[{"name":"wp","href":"https:\/\/api.w.org\/{rel}","templated":true}]}}