{"id":15825,"date":"2014-07-18T09:44:33","date_gmt":"2014-07-18T08:44:33","guid":{"rendered":"https:\/\/www.digitaldocument.it\/?p=15825"},"modified":"2014-07-18T10:07:02","modified_gmt":"2014-07-18T09:07:02","slug":"relazione-agcom-leditoria-perde-700-milioni","status":"publish","type":"post","link":"https:\/\/www.digitaldocument.it\/index.php\/2014\/07\/18\/relazione-agcom-leditoria-perde-700-milioni\/","title":{"rendered":"Relazione Agcom: l&#8217;editoria perde 700 milioni"},"content":{"rendered":"<p>L\u2019Autorit\u00e0 per le garanzie nelle comunicazioni (<strong>Agcom<\/strong>) ha pubblicato la sua relazione annuale nella quale sono contenuti anche gli ultimi dati relativi all&#8217;andamento del settore della comunicazione in Italia nel 2013.<\/p>\n<p>I dati non sono assolutamente confortanti. I ricavi del macro-settore che comprende telecomunicazioni, radio, TV, poste, editoria e internet sono scesi a 56,1 miliardi, in calo del 9% sul 2012.<\/p>\n<p><a href=\"https:\/\/www.digitaldocument.it\/wp-content\/uploads\/2014\/07\/perdite-giornali.png\"><img loading=\"lazy\" decoding=\"async\" class=\"alignleft wp-image-15828\" src=\"https:\/\/www.digitaldocument.it\/wp-content\/uploads\/2014\/07\/perdite-giornali-300x124.png\" alt=\"perdite-giornali\" width=\"435\" height=\"181\" srcset=\"https:\/\/www.digitaldocument.it\/wp-content\/uploads\/2014\/07\/perdite-giornali-300x124.png 300w, https:\/\/www.digitaldocument.it\/wp-content\/uploads\/2014\/07\/perdite-giornali.png 637w\" sizes=\"auto, (max-width: 435px) 100vw, 435px\" \/><\/a><\/p>\n<p>L&#8217;Agcom, nella sua relazione, ha ricordato che su questi dati, altre alla crisi economica, pesa il calo dei prezzi, in picchiata del 44% negli ultimi 15 anni.<\/p>\n<p>La situazione \u00e8 particolarmente critica <strong>per l\u2019editoria, quotidiana e periodica<\/strong>, che nello scorso anno <strong>ha perso quasi 700 milioni di ricavi<\/strong>: nello specifico il fatturato del quotidiani \u00e8 sceso del 7%, quello dei periodici del 17,2%.<\/p>\n<p><a href=\"https:\/\/www.digitaldocument.it\/wp-content\/uploads\/2014\/07\/vendite-medie.png\"><img loading=\"lazy\" decoding=\"async\" class=\"alignleft wp-image-15829\" src=\"https:\/\/www.digitaldocument.it\/wp-content\/uploads\/2014\/07\/vendite-medie.png\" alt=\"vendite-medie\" width=\"435\" height=\"219\" srcset=\"https:\/\/www.digitaldocument.it\/wp-content\/uploads\/2014\/07\/vendite-medie.png 546w, https:\/\/www.digitaldocument.it\/wp-content\/uploads\/2014\/07\/vendite-medie-300x151.png 300w\" sizes=\"auto, (max-width: 435px) 100vw, 435px\" \/><\/a><\/p>\n<p><strong>Il settore della pubblicit\u00e0\u00a0<\/strong><\/p>\n<p>I dati confermano, anche per il 2013, l\u2019andamento negativo per il settore della pubblicit\u00e0, dove i ricavi, complessivamente, scendono del 10,9% rispetto al 2012 e il fatturato \u00e8 passato da 8,3 miliardi a 7,4.<\/p>\n<p>Crollano periodici (-24,1%) e quotidiani (-13,2%), ma vanno male anche TV (-10,1%) e cinema (-7%). La radio perde il 6,4%. Scende per il primo anno ed \u00e8 forse il dato pi\u00f9 preoccupante\u00a0<strong>anche Internet\u00a0<\/strong>(-2,5%) anche se il suo peso all&#8217;interno del grande media mix \u00e8 in aumento e oggi si attesta intorno al 19,7%.<\/p>\n<p>A confermare i dati dell&#8217;Autorit\u00e0 per le garanzie nelle comunicazioni arrivano oggi anche i risultati di una ricerca fatta da\u00a0<a style=\"color: #d10c11;\" href=\"http:\/\/www.gfkmri.com\/products\/starch.aspx\" target=\"_blank\">GfK Mri Starch Advertising Research<\/a><span style=\"color: #000000;\">\u00a0tra gli utenti di Tablet e Smartphones di tutto il mondo. Dallo studio \u00e8 emerso infatti che ben il 51% dei possessori di Tablet ha abbandonato il cartaceo per le news in formato digitale, mentre tra i possessori di smartphone la percentuale di lettori digitali \u00e8 del 41%.\u00a0<\/span><span id=\"more-188476\" style=\"color: #000000;\"><\/span><span style=\"color: #000000;\">Per quanto riguarda invece i periodici, 47% degli utenti ha abbandonato la carta per il Tablet, mentre il 33% di lettori per la versione su smartphone.<\/span><br style=\"color: #000000;\" \/><span style=\"color: #000000;\">Gli studiosi sottolineano come questi cambiamenti siano omogenei nelle varie fasce d\u2019et\u00e0, anche se la tendenza a passare al total-digital \u00e8 molto pi\u00f9 diffusa tra gli utenti pi\u00f9 giovani.<\/span><\/p>\n<p><a href=\"https:\/\/www.digitaldocument.it\/wp-content\/uploads\/2014\/07\/giovani-riviste-digitali.png\"><img loading=\"lazy\" decoding=\"async\" class=\"aligncenter size-full wp-image-15839\" src=\"https:\/\/www.digitaldocument.it\/wp-content\/uploads\/2014\/07\/giovani-riviste-digitali.png\" alt=\"giovani riviste digitali\" width=\"352\" height=\"354\" srcset=\"https:\/\/www.digitaldocument.it\/wp-content\/uploads\/2014\/07\/giovani-riviste-digitali.png 352w, https:\/\/www.digitaldocument.it\/wp-content\/uploads\/2014\/07\/giovani-riviste-digitali-150x150.png 150w, https:\/\/www.digitaldocument.it\/wp-content\/uploads\/2014\/07\/giovani-riviste-digitali-298x300.png 298w, https:\/\/www.digitaldocument.it\/wp-content\/uploads\/2014\/07\/giovani-riviste-digitali-55x55.png 55w, https:\/\/www.digitaldocument.it\/wp-content\/uploads\/2014\/07\/giovani-riviste-digitali-75x75.png 75w\" sizes=\"auto, (max-width: 352px) 100vw, 352px\" \/><\/a><\/p>\n<p><strong>Ancora in ritardo sull&#8217;Agenda digitale<\/strong><br \/>\nL&#8217;Agcom nella sua relazione avverte che il Paese \u00e8\u00a0 in forte ritardo sull&#8217;implementazione e la diffusione di nuove tecnologie.<br \/>\nSecondo il\u00a0<strong>presidente dell&#8217;Agcom, Angelo Marcello Cardani<\/strong>, che ha presentato la relazione al Parlamento:<em><strong> \u201c<\/strong>L\u2019Italia mostra segnali di debolezza nello sviluppo e penetrazione di reti digitali di nuova generazione e di accesso ai servizi pi\u00f9 innovativi. Sebbene nell&#8217;ultimo anno si sia parzialmente ridotto il divario digitale dell\u2019Italia rispetto alla media europea, molti sforzi restano da compiere e in questo comune obiettivo l\u2019Autorit\u00e0 continua a fare la sua parte\u201d.<\/em><\/p>\n<p><a href=\"https:\/\/www.digitaldocument.it\/wp-content\/uploads\/2014\/07\/dati-editoria-aggiornati-2014.pdf\">Scarica qui la relazione annuale Agcom\u00a0<\/a><\/p>\n","protected":false},"excerpt":{"rendered":"<p>L\u2019Autorit\u00e0 per le garanzie nelle comunicazioni (Agcom) ha pubblicato la sua relazione annuale nella quale sono contenuti anche gli ultimi dati relativi all&#8217;andamento del settore della comunicazione in Italia nel&hellip; <span class=\"read-more-span\"><a href=\"https:\/\/www.digitaldocument.it\/index.php\/2014\/07\/18\/relazione-agcom-leditoria-perde-700-milioni\/\" class=\"more-link\">Continua a leggere<span class=\"screen-reader-text\"> &#8220;Relazione Agcom: l&#8217;editoria perde 700 milioni&#8221;<\/span> <span class=\"genericon genericon-next\" aria-hidden=\"true\"><\/span><\/a><\/span><\/p>\n","protected":false},"author":9,"featured_media":15834,"comment_status":"open","ping_status":"closed","sticky":false,"template":"","format":"standard","meta":{"footnotes":""},"categories":[470,9],"tags":[164,18,3953,2149,3952],"class_list":["post-15825","post","type-post","status-publish","format-standard","has-post-thumbnail","hentry","category-box-nero","category-printing","tag-agcom","tag-comunicazione","tag-marcello-cardani","tag-pubblicita","tag-ricavi-pubblicitari"],"jetpack_featured_media_url":"https:\/\/www.digitaldocument.it\/wp-content\/uploads\/2014\/07\/editoria-300x300.jpg","_links":{"self":[{"href":"https:\/\/www.digitaldocument.it\/index.php\/wp-json\/wp\/v2\/posts\/15825","targetHints":{"allow":["GET"]}}],"collection":[{"href":"https:\/\/www.digitaldocument.it\/index.php\/wp-json\/wp\/v2\/posts"}],"about":[{"href":"https:\/\/www.digitaldocument.it\/index.php\/wp-json\/wp\/v2\/types\/post"}],"author":[{"embeddable":true,"href":"https:\/\/www.digitaldocument.it\/index.php\/wp-json\/wp\/v2\/users\/9"}],"replies":[{"embeddable":true,"href":"https:\/\/www.digitaldocument.it\/index.php\/wp-json\/wp\/v2\/comments?post=15825"}],"version-history":[{"count":0,"href":"https:\/\/www.digitaldocument.it\/index.php\/wp-json\/wp\/v2\/posts\/15825\/revisions"}],"wp:featuredmedia":[{"embeddable":true,"href":"https:\/\/www.digitaldocument.it\/index.php\/wp-json\/wp\/v2\/media\/15834"}],"wp:attachment":[{"href":"https:\/\/www.digitaldocument.it\/index.php\/wp-json\/wp\/v2\/media?parent=15825"}],"wp:term":[{"taxonomy":"category","embeddable":true,"href":"https:\/\/www.digitaldocument.it\/index.php\/wp-json\/wp\/v2\/categories?post=15825"},{"taxonomy":"post_tag","embeddable":true,"href":"https:\/\/www.digitaldocument.it\/index.php\/wp-json\/wp\/v2\/tags?post=15825"}],"curies":[{"name":"wp","href":"https:\/\/api.w.org\/{rel}","templated":true}]}}