{"id":13992,"date":"2014-03-17T10:35:15","date_gmt":"2014-03-17T09:35:15","guid":{"rendered":"https:\/\/www.digitaldocument.it\/?p=13992"},"modified":"2014-03-17T10:35:15","modified_gmt":"2014-03-17T09:35:15","slug":"jeff-clarke-e-il-nuovo-ceo-di-kodak","status":"publish","type":"post","link":"https:\/\/www.digitaldocument.it\/index.php\/2014\/03\/17\/jeff-clarke-e-il-nuovo-ceo-di-kodak\/","title":{"rendered":"Jeff Clarke \u00e8 il nuovo Ceo di Kodak"},"content":{"rendered":"<p>&#8220;<em>Jeff \u00e8 la persona ideale per guidare Kodak verso il futuro. La sua combinazione di forza ed esperienza in ambito tecnologico, economico e operativo, sia a livello nazionale che internazionale, rappresenta quell&#8217;insieme di caratteristiche che vogliamo abbia il nuovo leader di Kodak<\/em>.&#8221; Con queste parole <strong>James V. Continenza<\/strong>, chairman del board di Kodak presenta <strong>Jeff Clarke<\/strong>, dal 12 marzo 2014 <strong>nuovo Ceo di Kodak<\/strong>. Il quale ha dichiarato di avere: &#8220;<em>un grande rispetto per una realt\u00e0 aziendale come Kodak<\/em>&#8221; e di essere entusiasta all&#8217;idea di poterla guidare verso nuovi successi.<\/p>\n<p>&#8220;<em>L&#8217;azienda ha davanti a s\u00e9 grandi opportunit\u00e0, in particolar modo quelle aperte dalle tecnologie proprietarie nelle aree del commercial printing, del packaging e del functional printing. Rispetto a soli due anni fa Kodak ha compiuto enormi progressi, mettendo in atto una delle riorganizzazioni di maggior successo degli ultimi tempi e sto gi\u00e0 guardando avanti, per proseguire questo lavoro e trasformarla in un leader tecnologico globale B2B<\/em>&#8220;, ha inoltre dichiarato Clarke.<\/p>\n<p><strong>Antonio Perez<\/strong>, Ceo uscente e ora Special Advisor del board, ha affermato che Clarke &#8220;<em>\u00e8 un manager di grande esperienza e abiliti\u00e0 e che sapr\u00e0 certamente guidare questa azienda nel prossimo futuro verso nuove innovazioni e successi<\/em>&#8220;.<\/p>\n<p>La carriera di Jeff Clarke, 52 anni, si \u00e8 sviluppata con esperienze in Compaq Computers &#8211; dove ricopriva il ruolo di Cfo (1998-2002) &#8211; in Hp come Evp Global Operations (2002-2003), nella software house CA con la carica di Coo (2004-2006), come Ceo di Travelport (2006-2011) e infine in Augusta Columbia Capital, di cui era managing partner. Clarke \u00e8 inoltre nei board di Red Hat e di Compuware, cariche che continuer\u00e0 ad occupare, cos\u00ec come rester\u00e0 Ceo di Orbitz Worldwide.<\/p>\n","protected":false},"excerpt":{"rendered":"<p>&#8220;Jeff \u00e8 la persona ideale per guidare Kodak verso il futuro. La sua combinazione di forza ed esperienza in ambito tecnologico, economico e operativo, sia a livello nazionale che internazionale,&hellip; <span class=\"read-more-span\"><a href=\"https:\/\/www.digitaldocument.it\/index.php\/2014\/03\/17\/jeff-clarke-e-il-nuovo-ceo-di-kodak\/\" class=\"more-link\">Continua a leggere<span class=\"screen-reader-text\"> &#8220;Jeff Clarke \u00e8 il nuovo Ceo di Kodak&#8221;<\/span> <span class=\"genericon genericon-next\" aria-hidden=\"true\"><\/span><\/a><\/span><\/p>\n","protected":false},"author":9,"featured_media":13993,"comment_status":"open","ping_status":"closed","sticky":false,"template":"","format":"standard","meta":{"footnotes":""},"categories":[470,9],"tags":[1731,75,3530,3531,330],"class_list":["post-13992","post","type-post","status-publish","format-standard","has-post-thumbnail","hentry","category-box-nero","category-printing","tag-antonio-perez","tag-carriere","tag-james-v-continenza","tag-jeff-clarke","tag-kodak"],"jetpack_featured_media_url":"https:\/\/www.digitaldocument.it\/wp-content\/uploads\/2014\/03\/Jeff-Clarke-Ceo-Kodak.jpg","_links":{"self":[{"href":"https:\/\/www.digitaldocument.it\/index.php\/wp-json\/wp\/v2\/posts\/13992","targetHints":{"allow":["GET"]}}],"collection":[{"href":"https:\/\/www.digitaldocument.it\/index.php\/wp-json\/wp\/v2\/posts"}],"about":[{"href":"https:\/\/www.digitaldocument.it\/index.php\/wp-json\/wp\/v2\/types\/post"}],"author":[{"embeddable":true,"href":"https:\/\/www.digitaldocument.it\/index.php\/wp-json\/wp\/v2\/users\/9"}],"replies":[{"embeddable":true,"href":"https:\/\/www.digitaldocument.it\/index.php\/wp-json\/wp\/v2\/comments?post=13992"}],"version-history":[{"count":0,"href":"https:\/\/www.digitaldocument.it\/index.php\/wp-json\/wp\/v2\/posts\/13992\/revisions"}],"wp:featuredmedia":[{"embeddable":true,"href":"https:\/\/www.digitaldocument.it\/index.php\/wp-json\/wp\/v2\/media\/13993"}],"wp:attachment":[{"href":"https:\/\/www.digitaldocument.it\/index.php\/wp-json\/wp\/v2\/media?parent=13992"}],"wp:term":[{"taxonomy":"category","embeddable":true,"href":"https:\/\/www.digitaldocument.it\/index.php\/wp-json\/wp\/v2\/categories?post=13992"},{"taxonomy":"post_tag","embeddable":true,"href":"https:\/\/www.digitaldocument.it\/index.php\/wp-json\/wp\/v2\/tags?post=13992"}],"curies":[{"name":"wp","href":"https:\/\/api.w.org\/{rel}","templated":true}]}}