{"id":13948,"date":"2014-03-10T12:28:15","date_gmt":"2014-03-10T11:28:15","guid":{"rendered":"https:\/\/www.digitaldocument.it\/?p=13948"},"modified":"2014-03-10T12:28:15","modified_gmt":"2014-03-10T11:28:15","slug":"a-xeikon-cafe-2014-la-rivoluzione-packaging-label","status":"publish","type":"post","link":"https:\/\/www.digitaldocument.it\/index.php\/2014\/03\/10\/a-xeikon-cafe-2014-la-rivoluzione-packaging-label\/","title":{"rendered":"A Xeikon Caf\u00e9 2014 la rivoluzione packaging &#038; label"},"content":{"rendered":"<p>Si tiene da marted\u00ec 20 maggio a gioved\u00ec 22 maggio 2014 <strong>Xeikon Caf\u00e9<\/strong>. Organizzato da <strong>Xeikon<\/strong> e dai Partner Xeikon Aura, \u00e8 un evento che mira a scoprire come la produzione digitale pu\u00f2 trasformare e migliorare il settore delle <strong>etichette<\/strong> e del <strong>packaging<\/strong>.<\/p>\n<p>Xeikon Caf\u00e9 \u00e8 una piattaforma di scambio delle conoscenze che esamina i diversi aspetti della digitalizzazione della produzione di stampa, eliminando le informazioni in eccesso. Attraverso dimostrazioni, presentazioni, workshop e discussioni, i partecipanti possono ottenere informazioni pratiche in prima persona e consigli sulle innovazioni e le tendenze del settore. Come detto, quest\u2019anno Xeikon Caf\u00e9 si concentra sulle innovazioni nel campo del packaging e si svolger\u00e0 nella sede di produzione di Xeikon a Lier (Belgio) dal 20 al 22 maggio 2014.<\/p>\n<p>Un solo programma, identico ogni giorno, dar\u00e0 modo ai partecipanti di scegliere la data pi\u00f9 idonea.<\/p>\n<p>La partecipazione \u00e8 gratuita ma \u00e8 necessaria la registrazione online sul sito web <a href=\"http:\/\/www.xeikoncafe.com\/\">http:\/\/www.xeikoncafe.com<\/a>.<\/p>\n","protected":false},"excerpt":{"rendered":"<p>Si tiene da marted\u00ec 20 maggio a gioved\u00ec 22 maggio 2014 Xeikon Caf\u00e9. Organizzato da Xeikon e dai Partner Xeikon Aura, \u00e8 un evento che mira a scoprire come la&hellip; <span class=\"read-more-span\"><a href=\"https:\/\/www.digitaldocument.it\/index.php\/2014\/03\/10\/a-xeikon-cafe-2014-la-rivoluzione-packaging-label\/\" class=\"more-link\">Continua a leggere<span class=\"screen-reader-text\"> &#8220;A Xeikon Caf\u00e9 2014 la rivoluzione packaging &#038; label&#8221;<\/span> <span class=\"genericon genericon-next\" aria-hidden=\"true\"><\/span><\/a><\/span><\/p>\n","protected":false},"author":9,"featured_media":13949,"comment_status":"open","ping_status":"closed","sticky":false,"template":"","format":"standard","meta":{"footnotes":""},"categories":[9],"tags":[1373,718,659,3524],"class_list":["post-13948","post","type-post","status-publish","format-standard","has-post-thumbnail","hentry","category-printing","tag-labelling","tag-packaging","tag-xeikon","tag-xeikon-cafe"],"jetpack_featured_media_url":"https:\/\/www.digitaldocument.it\/wp-content\/uploads\/2014\/03\/xeikon_cafe.jpg","_links":{"self":[{"href":"https:\/\/www.digitaldocument.it\/index.php\/wp-json\/wp\/v2\/posts\/13948","targetHints":{"allow":["GET"]}}],"collection":[{"href":"https:\/\/www.digitaldocument.it\/index.php\/wp-json\/wp\/v2\/posts"}],"about":[{"href":"https:\/\/www.digitaldocument.it\/index.php\/wp-json\/wp\/v2\/types\/post"}],"author":[{"embeddable":true,"href":"https:\/\/www.digitaldocument.it\/index.php\/wp-json\/wp\/v2\/users\/9"}],"replies":[{"embeddable":true,"href":"https:\/\/www.digitaldocument.it\/index.php\/wp-json\/wp\/v2\/comments?post=13948"}],"version-history":[{"count":0,"href":"https:\/\/www.digitaldocument.it\/index.php\/wp-json\/wp\/v2\/posts\/13948\/revisions"}],"wp:featuredmedia":[{"embeddable":true,"href":"https:\/\/www.digitaldocument.it\/index.php\/wp-json\/wp\/v2\/media\/13949"}],"wp:attachment":[{"href":"https:\/\/www.digitaldocument.it\/index.php\/wp-json\/wp\/v2\/media?parent=13948"}],"wp:term":[{"taxonomy":"category","embeddable":true,"href":"https:\/\/www.digitaldocument.it\/index.php\/wp-json\/wp\/v2\/categories?post=13948"},{"taxonomy":"post_tag","embeddable":true,"href":"https:\/\/www.digitaldocument.it\/index.php\/wp-json\/wp\/v2\/tags?post=13948"}],"curies":[{"name":"wp","href":"https:\/\/api.w.org\/{rel}","templated":true}]}}