{"id":11928,"date":"2013-09-23T09:45:42","date_gmt":"2013-09-23T08:45:42","guid":{"rendered":"https:\/\/www.digitaldocument.it\/?p=11928"},"modified":"2013-09-23T09:46:04","modified_gmt":"2013-09-23T08:46:04","slug":"la-nuova-proprieta-lancia-xeikon-verso-il-futuro","status":"publish","type":"post","link":"https:\/\/www.digitaldocument.it\/index.php\/2013\/09\/23\/la-nuova-proprieta-lancia-xeikon-verso-il-futuro\/","title":{"rendered":"La nuova propriet\u00e0 lancia Xeikon verso il futuro"},"content":{"rendered":"<p>A fine luglio <strong>Punch Internationa<\/strong>l <a href=\"https:\/\/www.digitaldocument.it\/index.php\/2013\/07\/22\/punch-international-vende-le-sue-quote-di-xeikon\/\">aveva annunciato di aver raggiunto un accordo<\/a> con <strong>Bencis Capital Partners Belgium<\/strong> per la vendita delle proprie quote di <strong>Xeikon<\/strong>. Oggi, a due mesi di distanza, quest&#8217;ultima conferma che i termini dell&#8217;accordo sono stati pienamente rispettati e che Bencis \u00e8 il nuovo azionista di maggioranza dell&#8217;azienda, con Gimv-XL che ha ottenuto una quota minoritaria.<\/p>\n<p>La strategia di investimento di Bencis e Gimv-XL assicura a Xeikon la possibilit\u00e0 di rafforzarsi e di continuare la sua mission di sviluppare e commercializzare innovative soluzioni che vadano incontro alle necessit\u00e0 dei clienti. Per assicurare continuit\u00e0 e far partire immediatamente la crescita aziendale, <strong>Wim Maes riprender\u00e0 il suo ruolo di Ceo<\/strong>, gi\u00e0 occupato dal 2009 a fine 2012. L&#8217;attuale Ceo Frank Deschuytere lacer\u00e0 invece la compagnia per proseguire altrove la propria carriera.<\/p>\n<p>&#8220;<em>Sono felice di poter guidare nuovamente Xeikon sulla via che abbiamo iniziato a percorrere qualche anno fa<\/em>&#8220;, \u00e8 il commento di Maes. &#8220;<em>Xeikon si \u00e8 ritagliata uno spazio di primo piano nel settore degli inchiostri digitali a toner secco per etichette e packaging; si \u00e8 basata sulla serie 800 per lanciare l&#8217;innovativa tecnologia Trillium e estendere la propria offerta anche al settore della prestampa con le soluzioni basysPrint CtP e ThermoFlexX. Con quetsa mossa Xeikon \u00e8 nel momento perfetto per accelerare ancora, andando a offrire ai clienti quello di cui hanno bisogno, oggi e domani<\/em>.&#8221;<\/p>\n","protected":false},"excerpt":{"rendered":"<p>A fine luglio Punch International aveva annunciato di aver raggiunto un accordo con Bencis Capital Partners Belgium per la vendita delle proprie quote di Xeikon. Oggi, a due mesi di&hellip; <span class=\"read-more-span\"><a href=\"https:\/\/www.digitaldocument.it\/index.php\/2013\/09\/23\/la-nuova-proprieta-lancia-xeikon-verso-il-futuro\/\" class=\"more-link\">Continua a leggere<span class=\"screen-reader-text\"> &#8220;La nuova propriet\u00e0 lancia Xeikon verso il futuro&#8221;<\/span> <span class=\"genericon genericon-next\" aria-hidden=\"true\"><\/span><\/a><\/span><\/p>\n","protected":false},"author":9,"featured_media":11146,"comment_status":"open","ping_status":"closed","sticky":false,"template":"","format":"standard","meta":{"footnotes":""},"categories":[9],"tags":[956,2861,2859,136,662,659],"class_list":["post-11928","post","type-post","status-publish","format-standard","has-post-thumbnail","hentry","category-printing","tag-acquisizione","tag-bencis-capital-partners-belgium","tag-gimv-xl","tag-stampa-digitale","tag-wim-maes","tag-xeikon"],"jetpack_featured_media_url":"https:\/\/www.digitaldocument.it\/wp-content\/uploads\/2013\/07\/accordo.jpg","_links":{"self":[{"href":"https:\/\/www.digitaldocument.it\/index.php\/wp-json\/wp\/v2\/posts\/11928","targetHints":{"allow":["GET"]}}],"collection":[{"href":"https:\/\/www.digitaldocument.it\/index.php\/wp-json\/wp\/v2\/posts"}],"about":[{"href":"https:\/\/www.digitaldocument.it\/index.php\/wp-json\/wp\/v2\/types\/post"}],"author":[{"embeddable":true,"href":"https:\/\/www.digitaldocument.it\/index.php\/wp-json\/wp\/v2\/users\/9"}],"replies":[{"embeddable":true,"href":"https:\/\/www.digitaldocument.it\/index.php\/wp-json\/wp\/v2\/comments?post=11928"}],"version-history":[{"count":0,"href":"https:\/\/www.digitaldocument.it\/index.php\/wp-json\/wp\/v2\/posts\/11928\/revisions"}],"wp:featuredmedia":[{"embeddable":true,"href":"https:\/\/www.digitaldocument.it\/index.php\/wp-json\/wp\/v2\/media\/11146"}],"wp:attachment":[{"href":"https:\/\/www.digitaldocument.it\/index.php\/wp-json\/wp\/v2\/media?parent=11928"}],"wp:term":[{"taxonomy":"category","embeddable":true,"href":"https:\/\/www.digitaldocument.it\/index.php\/wp-json\/wp\/v2\/categories?post=11928"},{"taxonomy":"post_tag","embeddable":true,"href":"https:\/\/www.digitaldocument.it\/index.php\/wp-json\/wp\/v2\/tags?post=11928"}],"curies":[{"name":"wp","href":"https:\/\/api.w.org\/{rel}","templated":true}]}}