{"id":10443,"date":"2013-07-11T15:28:30","date_gmt":"2013-07-11T14:28:30","guid":{"rendered":"https:\/\/www.digitaldocument.it\/?p=10443"},"modified":"2014-07-16T13:03:51","modified_gmt":"2014-07-16T12:03:51","slug":"agfa-graphics-srl-si-divide-e-chiude-lo-stabilimento-di-manerbio","status":"publish","type":"post","link":"https:\/\/www.digitaldocument.it\/index.php\/2013\/07\/11\/agfa-graphics-srl-si-divide-e-chiude-lo-stabilimento-di-manerbio\/","title":{"rendered":"Agfa Graphics Srl si divide e chiude lo stabilimento di Manerbio"},"content":{"rendered":"<p><b>Nasce Agfa Graphics NV &#8211; filiale italiana<\/b><br \/>\nIn seguito di un\u2019operazione di scissione parziale, ai sensi degli artt. 2506 e seguenti del codice civile, con effetto dal 1\u00b0 luglio 2013, il ramo d\u2019azienda \u201cVendite Italia\u201d di Agfa Graphics S.r.l. sar\u00e0 scisso a favore di Agfa Graphics NV.<\/p>\n<p>Agfa Graphics NV operer\u00e0 in Italia attraverso una sede secondaria, situata in Cinisello Balsamo, Milano, Via Gorki 69 e iscritta al Registro delle Imprese di Milano.<\/p>\n<p>In forza delle disposizioni di legge applicabili alla fusione, tutti i diritti, gli obblighi e i rapporti contrattuali relativi al ramo d\u2019azienda \u201cVendite Italia\u201d di Agfa Graphics S.r.l. anteriori alla scissione saranno proseguiti da Agfa Graphics NV. Il personale di Agfa Graphics S.r.l. continuer\u00e0 a lavorare in Italia all&#039;interno della Agfa Graphics NV \u2013 Filiale Italiana in modo da garantire la continuit\u00e0 del servizio verso la propria clientela sia presente che futura.<\/p>\n<p>\u201c<em>La separazione dai siti produttivi di Manerbio e Vallese \u00e8 un passo fondamentale per affrontare le sfide che il mercato ci pone di fronte. La ricerca di efficienza deve seguire strade diverse per una filiale di vendita rispetto ai siti produttivi, soprattutto in questo momento di trasformazioni tecnologiche del mercato della comunicazione stampata<\/em>\u201d, ha affermato <strong>Angel Artola<\/strong>, Direttore Generale di Agfa Graphics Srl. \u201c<em>L\u2019ottimizzazione delle produzioni non \u00e8 pi\u00f9 ormai solo un fattore nazionale, ma \u00e8 diventata una questione mondiale. Per questo, i siti produttivi dislocati sul territorio italiano, saranno indipendenti dalle attivit\u00e0 commerciali, rispondendo direttamente alla direzione del Belgio. Nel contempo le attivit\u00e0 prettamente commerciali saranno integrate direttamente nell\u2019organizzazione di casa madre<\/em>.\u201d<\/p>\n<p>Questa scissione \u00e8 gi\u00e0 avvenuta con successo in tutte le altre nazioni europee ed \u00e8 parte della strategia di miglioramento dell\u2019efficienza che Agfa Graphics persegue ormai da diversi anni.<\/p>\n<p><strong>Chiude lo storico stabilimento di Manerbio<\/strong><br \/>\nAgfa Graphics annuncia altres\u00ec di aver pianificato la chiusura dello stabilimento produttivo per le lastre analogiche di Manerbio, Italia. Il sito produce lastre offset analogiche e lastre per tecnologia CtCP negative, entrambe le linee di prodotto registrano un forte declino della richiesta dal mercato.<\/p>\n<p>\u201c<em>Questa decisione \u00e8 parte della nostra strategia di aumento dell\u2019efficienza operativa, dei margini e del posizionamento competitivo all\u2019interno del mercato, altamente competitivo, della prestampa<\/em>\u201d, afferma <strong>Stefaan Vanhooren<\/strong>, Presidente di Agfa Graphics.<\/p>\n<p>Dopo aver considerato tutte le opzioni, Agfa Graphics ha informato i dipendenti di Manerbio e le rappresentanze sindacali dell\u2019intenzione di chiudere lo stabilimento, impattando direttamente sui 123 dipendenti del sito. Il piano di esuberi sar\u00e0 stilato per i dipendenti che attualmente lavorano a Manerbio.<\/p>\n","protected":false},"excerpt":{"rendered":"<p>Nasce Agfa Graphics NV &#8211; filiale italiana In seguito di un\u2019operazione di scissione parziale, ai sensi degli artt. 2506 e seguenti del codice civile, con effetto dal 1\u00b0 luglio 2013,&hellip; <span class=\"read-more-span\"><a href=\"https:\/\/www.digitaldocument.it\/index.php\/2013\/07\/11\/agfa-graphics-srl-si-divide-e-chiude-lo-stabilimento-di-manerbio\/\" class=\"more-link\">Continua a leggere<span class=\"screen-reader-text\"> &#8220;Agfa Graphics Srl si divide e chiude lo stabilimento di Manerbio&#8221;<\/span> <span class=\"genericon genericon-next\" aria-hidden=\"true\"><\/span><\/a><\/span><\/p>\n","protected":false},"author":9,"featured_media":10445,"comment_status":"closed","ping_status":"closed","sticky":false,"template":"","format":"standard","meta":{"footnotes":""},"categories":[9],"tags":[1233,2017,2829,2370],"class_list":["post-10443","post","type-post","status-publish","format-standard","has-post-thumbnail","hentry","category-printing","tag-agfa-graphics","tag-angel-artola","tag-manerbio","tag-stefaan-vanhooren"],"jetpack_featured_media_url":"https:\/\/www.digitaldocument.it\/wp-content\/uploads\/2013\/07\/sede-agfa-italia.jpg","_links":{"self":[{"href":"https:\/\/www.digitaldocument.it\/index.php\/wp-json\/wp\/v2\/posts\/10443","targetHints":{"allow":["GET"]}}],"collection":[{"href":"https:\/\/www.digitaldocument.it\/index.php\/wp-json\/wp\/v2\/posts"}],"about":[{"href":"https:\/\/www.digitaldocument.it\/index.php\/wp-json\/wp\/v2\/types\/post"}],"author":[{"embeddable":true,"href":"https:\/\/www.digitaldocument.it\/index.php\/wp-json\/wp\/v2\/users\/9"}],"replies":[{"embeddable":true,"href":"https:\/\/www.digitaldocument.it\/index.php\/wp-json\/wp\/v2\/comments?post=10443"}],"version-history":[{"count":0,"href":"https:\/\/www.digitaldocument.it\/index.php\/wp-json\/wp\/v2\/posts\/10443\/revisions"}],"wp:featuredmedia":[{"embeddable":true,"href":"https:\/\/www.digitaldocument.it\/index.php\/wp-json\/wp\/v2\/media\/10445"}],"wp:attachment":[{"href":"https:\/\/www.digitaldocument.it\/index.php\/wp-json\/wp\/v2\/media?parent=10443"}],"wp:term":[{"taxonomy":"category","embeddable":true,"href":"https:\/\/www.digitaldocument.it\/index.php\/wp-json\/wp\/v2\/categories?post=10443"},{"taxonomy":"post_tag","embeddable":true,"href":"https:\/\/www.digitaldocument.it\/index.php\/wp-json\/wp\/v2\/tags?post=10443"}],"curies":[{"name":"wp","href":"https:\/\/api.w.org\/{rel}","templated":true}]}}